{"id":625,"date":"2025-09-16T11:56:38","date_gmt":"2025-09-16T11:56:38","guid":{"rendered":"https:\/\/nebuloriabeauty.com\/2025\/09\/16\/caida-del-cabello-comprender-prevenir-y-tratar\/"},"modified":"2026-04-01T12:05:49","modified_gmt":"2026-04-01T12:05:49","slug":"caida-del-cabello-comprender-prevenir-y-tratar","status":"publish","type":"post","link":"https:\/\/nebuloriabeauty.com\/es\/2025\/09\/16\/caida-del-cabello-comprender-prevenir-y-tratar\/","title":{"rendered":"Ca\u00edda del cabello: comprender, prevenir y tratar"},"content":{"rendered":"<h1>Ca\u00edda del cabello: comprender, prevenir y tratar<\/h1>\n<p>\u00bfNotas m\u00e1s pelos en la almohada o en el cepillo? Es normal perder entre 50 y 100 pelos al d\u00eda, pero m\u00e1s que eso puede ser se\u00f1al de un desequilibrio que es importante comprender. En este art\u00edculo exploramos <a href=\"https:\/\/www.vichy.fr\/conseils-d-experts\/anti-chute\/les-4-saisons-de-la-chute-de-cheveux\"><b>La ca\u00edda estacional del cabello<\/b><\/a>En este art\u00edculo, exploramos la ca\u00edda estacional del cabello, sus principales causas, soluciones eficaces y pasos sencillos que puedes dar para preservar tu cabello.  <\/p>\n<p><img decoding=\"async\" src=\"\/\/77a8bca5480c629eab12f6f892ef4680.cdn.bubble.io\/f1757875671869x392718378888698960\/C1-XBeIQ11hsrUut44S2J_1572bc83ab534d2583d2d586eb146c47.jpg\" class=\"featured-image\" alt=\"Una mujer mira su reflejo en el espejo y siente la\" air=\"\" pr=\"\" et=\"\" en=\"\" touchant=\"\" ses=\"\" cheveux=\"\" dans=\"\" une=\"\" salle=\"\" de=\"\" bain.=\"\"><\/p>\n<h2>Causas y tipos de ca\u00edda del cabello<\/h2>\n<p>La ca\u00edda del cabello puede tener varias causas. Las causas m\u00e1s comunes son la alopecia androgen\u00e9tica (calvicie hereditaria), el estr\u00e9s f\u00edsico o emocional, las deficiencias nutricionales, los desequilibrios hormonales y determinados tratamientos m\u00e9dicos. Los principales tipos de ca\u00edda del cabello son la alopecia androgen\u00e9tica, que afecta a hombres y mujeres de forma progresiva, y el efluvio tel\u00f3geno, que provoca una ca\u00edda del cabello difusa pero generalmente temporal.  <\/p>\n<h3>Las causas principales<\/h3>\n<p>El estr\u00e9s es uno de los desencadenantes m\u00e1s comunes. Ya sea f\u00edsico o emocional, puede provocar efluvio tel\u00f3geno. Concretamente, tu pelo entra en una fase de reposo masivo y se cae entre 2 y 3 meses despu\u00e9s. \u00bfLa buena noticia? Esta ca\u00edda del cabello suele ser temporal.    <\/p>\n<p>Las deficiencias nutricionales tambi\u00e9n desempe\u00f1an un papel importante. La carencia de hierro es especialmente problem\u00e1tica, sobre todo en las mujeres. Puede producirse tras un embarazo, menstruaciones abundantes o una dieta desequilibrada. La vitamina D tambi\u00e9n desempe\u00f1a un papel: unos niveles insuficientes pueden empeorar una ca\u00edda del cabello ya existente.   <\/p>\n<p>Ciertos periodos de la vida hacen que el cabello sea especialmente fr\u00e1gil. Tras el parto, la ca\u00edda repentina de estr\u00f3genos suele provocar una ca\u00edda masiva pero temporal del cabello. Los tratamientos hormonales, los f\u00e1rmacos (sobre todo la quimioterapia) y las enfermedades autoinmunes como la alopecia requieren un seguimiento m\u00e9dico especializado.  <\/p>\n<p>Los beb\u00e9s se caen por distintos motivos: la desaparici\u00f3n de las hormonas maternas y el roce repetido contra el colch\u00f3n o el asiento del coche.<\/p>\n<h3>Los diferentes tipos de ca\u00edda del cabello<\/h3>\n<p>Existen varias formas de ca\u00edda del cabello, cada una con sus propias caracter\u00edsticas.<\/p>\n<p>La alopecia androgen\u00e9tica sigue siendo la m\u00e1s frecuente. Afecta a alrededor del 50% de los hombres antes de los 50 a\u00f1os. En los hombres, se manifiesta como un adelgazamiento de las sienes y la parte superior de la cabeza. En las mujeres, suele ser un adelgazamiento progresivo en la parte superior de la cabeza, sin p\u00e9rdida completa del cabello.   <\/p>\n<p>El efluvio tel\u00f3geno provoca una ca\u00edda difusa del cabello en todo el cuero cabelludo. Este fen\u00f3meno es el resultado de una alteraci\u00f3n del ciclo capilar: el pelo entra prematuramente en una fase de reposo (tel\u00f3geno), para caer masivamente 2 \u00f3 3 meses despu\u00e9s. Para limitar el impacto, se recomienda adoptar productos suaves para el cuidado del cabello, evitar los peinados tirantes y mantener una dieta equilibrada rica en hierro y vitaminas. El diagn\u00f3stico difiere de la alopecia androgen\u00e9tica en que no hay zonas espec\u00edficamente calvas y la ca\u00edda del cabello suele ser reversible.   <\/p>\n<p>Algunas ca\u00eddas son localizadas:<\/p>\n<ul>\n<li>La ca\u00edda del cabello crea zonas redondas sin pelo<\/li>\n<li>La ti\u00f1a, que es infecciosa, tambi\u00e9n forma manchas en la piel.<\/li>\n<\/ul>\n<p>Para identificar el tipo de ca\u00edda del cabello, los m\u00e9dicos observan d\u00f3nde y c\u00f3mo se produce. Un fototricograma puede contar el n\u00famero de pelos en fase de ca\u00edda, mientras que un tricograma examina su estructura al microscopio. <\/p>\n<h2>Tratamientos m\u00e9dicos y naturales<\/h2>\n<p>Hay varias opciones para tratar la ca\u00edda del cabello. Los tratamientos m\u00e9dicos, como el minoxidil o la finasterida, han sido probados cient\u00edficamente, mientras que los enfoques naturales son m\u00e1s suaves. Cada soluci\u00f3n tiene sus ventajas y limitaciones, que debes comprender antes de dar el paso.  <\/p>\n<h3>Tratamientos m\u00e9dicos<\/h3>\n<p>Los medicamentos siguen siendo las soluciones m\u00e1s eficaces contra la ca\u00edda del cabello. Act\u00faan directamente sobre los mecanismos responsables de la alopecia. <\/p>\n<p><strong>Minoxidil, el tratamiento de referencia<\/strong><\/p>\n<p>El minoxidil se presenta en forma de loci\u00f3n que se aplica dos veces al d\u00eda en el cuero cabelludo. Est\u00e1 disponible en versiones al 2% (hombres y mujeres) y al 5% (s\u00f3lo hombres). Este medicamento estimula el flujo sangu\u00edneo a los fol\u00edculos y prolonga su fase de crecimiento.  <\/p>\n<p>Los primeros resultados suelen aparecer al cabo de 3 meses de uso regular. El minoxidil frena eficazmente la ca\u00edda del cabello, y en algunos casos puede incluso reiniciar el crecimiento. Pero cuidado: el efecto cesa en cuanto se interrumpe el tratamiento.  <\/p>\n<p>En cuanto a los efectos secundarios, puede haber irritaci\u00f3n del cuero cabelludo o crecimiento de vello en la cara si se corre el producto. Nada grave, pero ten cuidado con d\u00f3nde lo aplicas. <\/p>\n<p><strong>Finasterida, s\u00f3lo para hombres<\/strong><\/p>\n<p>Este medicamento bloquea la conversi\u00f3n de la testosterona en DHT, la hormona responsable de la calvicie de patr\u00f3n masculino. Se toma por v\u00eda oral (1 comprimido al d\u00eda) o se aplica como spray cut\u00e1neo con FINCREZO. <\/p>\n<p>Se reconoce su eficacia para frenar la ca\u00edda del cabello, aunque el crecimiento siga siendo irregular. El problema es que los efectos secundarios pueden ser graves con la forma oral. Se ha informado de disminuci\u00f3n de la libido, disfunci\u00f3n er\u00e9ctil e incluso episodios depresivos. A veces, estos efectos persisten incluso despu\u00e9s de interrumpir el tratamiento.   <\/p>\n<p>La Agencia Nacional Francesa para la Seguridad de los Medicamentos (ANSM) desaconseja su uso debido a este perfil de riesgo. La forma en aerosol tiene menos efectos sist\u00e9micos, pero su eficacia sigue siendo modesta. <\/p>\n<p><strong>Opciones para mujeres<\/strong><\/p>\n<p>En las mujeres, algunas p\u00edldoras anticonceptivas pueden ayudar a regular los desequilibrios hormonales asociados a la alopecia androgen\u00e9tica. La elecci\u00f3n debe hacerse consultando a un ginec\u00f3logo. <\/p>\n<p>La espironolactona, que bloquea la acci\u00f3n de la DHT sobre los fol\u00edculos, est\u00e1 dando resultados prometedores. Sin embargo, no est\u00e1 autorizada en Francia para esta indicaci\u00f3n. <\/p>\n<p><strong>Trasplantes capilares<\/strong><\/p>\n<p>Este procedimiento quir\u00fargico consiste en extraer pelo resistente a la DHT (generalmente de la parte posterior de la cabeza) y reimplantarlo en las zonas calvas. Los resultados son duraderos, pero la t\u00e9cnica es costosa y requiere varias sesiones. <\/p>\n<p><strong>Complementos alimenticios y champ\u00fas: efectos limitados<\/strong><\/p>\n<p>Los suplementos a base de cistina, biotina o vitaminas del grupo B pueden ayudar a mantener un cabello sano. Pero no tratan directamente la ca\u00edda del cabello. Su utilidad se limita a las carencias nutricionales.  <\/p>\n<p>En cuanto a los champ\u00fas \u00abantica\u00edda\u00bb, mejoran principalmente el aspecto visual a\u00f1adiendo volumen. El tiempo de contacto es demasiado corto para actuar sobre los mecanismos de la ca\u00edda del cabello. <\/p>\n<h3>Soluciones naturales y alternativas<\/h3>\n<p>La naturaleza ofrece numerosas soluciones para cuidar tu cabello y limitar su ca\u00edda. Estos enfoques suaves seducen por su sencillez y accesibilidad. <\/p>\n<p><strong>Los aceites vegetales, tus aliados capilares<\/strong><\/p>\n<p>El aceite de ricino sigue siendo la estrella del cuidado natural del cabello. Nutre en profundidad, repara el cabello da\u00f1ado y estimula el crecimiento. Masaj\u00e9alo en el cuero cabelludo, d\u00e9jalo durante una hora y luego l\u00e1valo. El menos conocido aceite de mostaza tambi\u00e9n estimula la circulaci\u00f3n sangu\u00ednea en el cuero cabelludo.   <\/p>\n<p><strong>Plantas que fortalecen<\/strong><\/p>\n<p>La ortiga es especialmente eficaz. Puedes utilizarla en polvo mezclada en el champ\u00fa o en infusi\u00f3n para el aclarado final. El romero tonifica y revitaliza, mientras que la alfalfa org\u00e1nica ayuda a frenar la ca\u00edda del cabello.  <\/p>\n<p>En cuanto a los aceites esenciales, la salvia sclarea y el cedro del Atlas estimulan la microcirculaci\u00f3n. Atenci\u00f3n: dil\u00fayelos siempre en un aceite vegetal antes de aplicarlos. <\/p>\n<p><strong>Complementos alimenticios naturales<\/strong><\/p>\n<p>La levadura de cerveza aporta vitaminas B esenciales y selenio. Favorece la salud del cuero cabelludo desde dentro hacia fuera. La ashwagandha, una planta adapt\u00f3gena, ayuda a controlar el estr\u00e9s, a menudo responsable de la ca\u00edda temporal del cabello.  <\/p>\n<p><strong>Recetas caseras sencillas<\/strong><\/p>\n<p>Haz una loci\u00f3n de enjuague infusionando ortiga y romero en agua caliente. \u00dasala despu\u00e9s de cada champ\u00fa. Para un ba\u00f1o de aceite fortalecedor, mezcla aceite de ricino con unas gotas de aceite esencial de cedro.  <\/p>\n<p><strong>La importancia del estilo de vida<\/strong><\/p>\n<p>No olvides que la gesti\u00f3n del estr\u00e9s desempe\u00f1a un papel clave. La meditaci\u00f3n, el yoga o una simple respiraci\u00f3n profunda pueden limitar las ca\u00eddas relacionadas con la tensi\u00f3n. <\/p>\n<p>Estas soluciones naturales requieren paciencia. Los primeros resultados suelen aparecer tras 2 \u00f3 3 meses de uso regular. <\/p>\n<h2>Prevenci\u00f3n y consejos pr\u00e1cticos para la vida cotidiana<\/h2>\n<p>La prevenci\u00f3n sigue siendo la mejor forma de conservar tu cabello. Unos sencillos pasos diarios pueden marcar la diferencia. <\/p>\n<p><strong>Adopta una rutina capilar suave<\/strong><\/p>\n<p>La forma en que tratas tu cabello a diario influye directamente en su salud. L\u00e1vate el pelo con un champ\u00fa suave, sin sulfatos, no m\u00e1s de dos veces por semana. El agua demasiado caliente es agresiva para el cuero cabelludo, as\u00ed que utiliza agua tibia.  <\/p>\n<p>Para desenredar, utiliza un peine de p\u00faas anchas sobre el cabello h\u00famedo. Empieza siempre por las puntas y ve subiendo. Un cepillo suave es mejor para el pelo seco.  <\/p>\n<p><strong>Limita la agresi\u00f3n<\/strong><\/p>\n<p>La coloraci\u00f3n, el alisado y la permanente repetidos pueden debilitar la fibra capilar. Si no puedes prescindir de ellos, espacia al m\u00e1ximo estos tratamientos. <\/p>\n<p>Los peinados demasiado apretados ejercen una tracci\u00f3n constante sobre las ra\u00edces. Los mo\u00f1os muy apretados, las trenzas trenzadas o las coletas apretadas pueden provocar alopecia por tracci\u00f3n. Var\u00eda tus peinados y opta por accesorios suaves, como coleteros de tela.  <\/p>\n<p><strong>Sigue una dieta equilibrada<\/strong><\/p>\n<p>Tu pelo se nutre desde dentro. Una dieta rica en hierro (carne roja, espinacas), zinc (ostras, semillas de calabaza) y vitaminas del grupo B (huevos, legumbres) lo ayudar\u00e1 a crecer. <\/p>\n<p>Las prote\u00ednas son especialmente importantes, ya que el pelo est\u00e1 compuesto en un 95% de queratina. Incluye pescado, carne magra o legumbres en tus comidas. <\/p>\n<p><strong>Controla tu estr\u00e9s<\/strong><\/p>\n<p>El estr\u00e9s cr\u00f3nico altera el ciclo capilar. Encuentra tu propia t\u00e9cnica de relajaci\u00f3n: meditaci\u00f3n, deporte, lectura. Un sue\u00f1o de calidad tambi\u00e9n ayuda a regular las hormonas que intervienen en el crecimiento del cabello.  <\/p>\n<p><strong>Protege tu cabello por la noche<\/strong><\/p>\n<p>Una funda de almohada de sat\u00e9n o seda reduce la fricci\u00f3n nocturna. Este peque\u00f1o cambio reduce la rotura y preserva la hidrataci\u00f3n natural de tu cabello. <\/p>\n<p>Al principio cuesta un poco acostumbrarse a estos h\u00e1bitos, pero pronto se vuelven autom\u00e1ticos. La regularidad es m\u00e1s importante que la perfecci\u00f3n. <\/p>\n","protected":false},"excerpt":{"rendered":"<p>Ca\u00edda del cabello: comprender, prevenir y tratar \u00bfNotas m\u00e1s pelos en la almohada o en el cepillo? Es normal perder entre 50 y 100 pelos al d\u00eda, pero m\u00e1s que eso puede ser se\u00f1al de un desequilibrio que es importante comprender. En este art\u00edculo exploramos La ca\u00edda estacional del cabelloEn este art\u00edculo, exploramos la ca\u00edda [&hellip;]<\/p>\n","protected":false},"author":1,"featured_media":626,"comment_status":"open","ping_status":"open","sticky":false,"template":"","format":"standard","meta":{"footnotes":""},"categories":[26],"tags":[],"class_list":["post-625","post","type-post","status-publish","format-standard","has-post-thumbnail","hentry","category-belleza"],"yoast_head":"<!-- This site is optimized with the Yoast SEO plugin v24.8.1 - https:\/\/yoast.com\/wordpress\/plugins\/seo\/ -->\n<title>Ca\u00edda del cabello: comprender, prevenir y tratar - %<\/title>\n<meta name=\"robots\" content=\"index, follow, max-snippet:-1, max-image-preview:large, max-video-preview:-1\" \/>\n<link rel=\"canonical\" href=\"https:\/\/nebuloriabeauty.com\/es\/2025\/09\/16\/caida-del-cabello-comprender-prevenir-y-tratar\/\" \/>\n<meta property=\"og:locale\" content=\"es_ES\" \/>\n<meta property=\"og:type\" content=\"article\" \/>\n<meta property=\"og:title\" content=\"Ca\u00edda del cabello: comprender, prevenir y tratar - %\" \/>\n<meta property=\"og:description\" content=\"Ca\u00edda del cabello: comprender, prevenir y tratar \u00bfNotas m\u00e1s pelos en la almohada o en el cepillo? Es normal perder entre 50 y 100 pelos al d\u00eda, pero m\u00e1s que eso puede ser se\u00f1al de un desequilibrio que es importante comprender. En este art\u00edculo exploramos La ca\u00edda estacional del cabelloEn este art\u00edculo, exploramos la ca\u00edda [&hellip;]\" \/>\n<meta property=\"og:url\" content=\"https:\/\/nebuloriabeauty.com\/es\/2025\/09\/16\/caida-del-cabello-comprender-prevenir-y-tratar\/\" \/>\n<meta property=\"og:site_name\" content=\"NebuloriaBeauty.com\" \/>\n<meta property=\"article:published_time\" content=\"2025-09-16T11:56:38+00:00\" \/>\n<meta property=\"article:modified_time\" content=\"2026-04-01T12:05:49+00:00\" \/>\n<meta property=\"og:image\" content=\"https:\/\/nebuloriabeauty.com\/wp-content\/uploads\/2025\/09\/Chute-de-cheveux-comprendre-prevenir-et-traiter-scaled.jpg\" \/>\n\t<meta property=\"og:image:width\" content=\"2560\" \/>\n\t<meta property=\"og:image:height\" content=\"1429\" \/>\n\t<meta property=\"og:image:type\" content=\"image\/jpeg\" \/>\n<meta name=\"author\" content=\"nebuloriabeauty\" \/>\n<meta name=\"twitter:card\" content=\"summary_large_image\" \/>\n<meta name=\"twitter:label1\" content=\"Escrito por\" \/>\n\t<meta name=\"twitter:data1\" content=\"nebuloriabeauty\" \/>\n\t<meta name=\"twitter:label2\" content=\"Tiempo de lectura\" \/>\n\t<meta name=\"twitter:data2\" content=\"9 minutos\" \/>\n<script type=\"application\/ld+json\" class=\"yoast-schema-graph\">{\"@context\":\"https:\/\/schema.org\",\"@graph\":[{\"@type\":\"Article\",\"@id\":\"https:\/\/nebuloriabeauty.com\/es\/2025\/09\/16\/caida-del-cabello-comprender-prevenir-y-tratar\/#article\",\"isPartOf\":{\"@id\":\"https:\/\/nebuloriabeauty.com\/es\/2025\/09\/16\/caida-del-cabello-comprender-prevenir-y-tratar\/\"},\"author\":{\"name\":\"nebuloriabeauty\",\"@id\":\"https:\/\/nebuloriabeauty.com\/es\/#\/schema\/person\/de7194ada2186dd65caff7a99a93ec76\"},\"headline\":\"Ca\u00edda del cabello: comprender, prevenir y tratar\",\"datePublished\":\"2025-09-16T11:56:38+00:00\",\"dateModified\":\"2026-04-01T12:05:49+00:00\",\"mainEntityOfPage\":{\"@id\":\"https:\/\/nebuloriabeauty.com\/es\/2025\/09\/16\/caida-del-cabello-comprender-prevenir-y-tratar\/\"},\"wordCount\":1816,\"commentCount\":0,\"publisher\":{\"@id\":\"https:\/\/nebuloriabeauty.com\/es\/#organization\"},\"image\":{\"@id\":\"https:\/\/nebuloriabeauty.com\/es\/2025\/09\/16\/caida-del-cabello-comprender-prevenir-y-tratar\/#primaryimage\"},\"thumbnailUrl\":\"https:\/\/nebuloriabeauty.com\/wp-content\/uploads\/2025\/09\/Chute-de-cheveux-comprendre-prevenir-et-traiter-scaled.jpg\",\"articleSection\":[\"Belleza\"],\"inLanguage\":\"es\",\"potentialAction\":[{\"@type\":\"CommentAction\",\"name\":\"Comment\",\"target\":[\"https:\/\/nebuloriabeauty.com\/es\/2025\/09\/16\/caida-del-cabello-comprender-prevenir-y-tratar\/#respond\"]}]},{\"@type\":\"WebPage\",\"@id\":\"https:\/\/nebuloriabeauty.com\/es\/2025\/09\/16\/caida-del-cabello-comprender-prevenir-y-tratar\/\",\"url\":\"https:\/\/nebuloriabeauty.com\/es\/2025\/09\/16\/caida-del-cabello-comprender-prevenir-y-tratar\/\",\"name\":\"Ca\u00edda del cabello: comprender, prevenir y tratar - %\",\"isPartOf\":{\"@id\":\"https:\/\/nebuloriabeauty.com\/es\/#website\"},\"primaryImageOfPage\":{\"@id\":\"https:\/\/nebuloriabeauty.com\/es\/2025\/09\/16\/caida-del-cabello-comprender-prevenir-y-tratar\/#primaryimage\"},\"image\":{\"@id\":\"https:\/\/nebuloriabeauty.com\/es\/2025\/09\/16\/caida-del-cabello-comprender-prevenir-y-tratar\/#primaryimage\"},\"thumbnailUrl\":\"https:\/\/nebuloriabeauty.com\/wp-content\/uploads\/2025\/09\/Chute-de-cheveux-comprendre-prevenir-et-traiter-scaled.jpg\",\"datePublished\":\"2025-09-16T11:56:38+00:00\",\"dateModified\":\"2026-04-01T12:05:49+00:00\",\"breadcrumb\":{\"@id\":\"https:\/\/nebuloriabeauty.com\/es\/2025\/09\/16\/caida-del-cabello-comprender-prevenir-y-tratar\/#breadcrumb\"},\"inLanguage\":\"es\",\"potentialAction\":[{\"@type\":\"ReadAction\",\"target\":[\"https:\/\/nebuloriabeauty.com\/es\/2025\/09\/16\/caida-del-cabello-comprender-prevenir-y-tratar\/\"]}]},{\"@type\":\"ImageObject\",\"inLanguage\":\"es\",\"@id\":\"https:\/\/nebuloriabeauty.com\/es\/2025\/09\/16\/caida-del-cabello-comprender-prevenir-y-tratar\/#primaryimage\",\"url\":\"https:\/\/nebuloriabeauty.com\/wp-content\/uploads\/2025\/09\/Chute-de-cheveux-comprendre-prevenir-et-traiter-scaled.jpg\",\"contentUrl\":\"https:\/\/nebuloriabeauty.com\/wp-content\/uploads\/2025\/09\/Chute-de-cheveux-comprendre-prevenir-et-traiter-scaled.jpg\",\"width\":2560,\"height\":1429},{\"@type\":\"BreadcrumbList\",\"@id\":\"https:\/\/nebuloriabeauty.com\/es\/2025\/09\/16\/caida-del-cabello-comprender-prevenir-y-tratar\/#breadcrumb\",\"itemListElement\":[{\"@type\":\"ListItem\",\"position\":1,\"name\":\"Inicio\",\"item\":\"https:\/\/nebuloriabeauty.com\/es\/nebuloriabeauty\/\"},{\"@type\":\"ListItem\",\"position\":2,\"name\":\"Ca\u00edda del cabello: comprender, prevenir y tratar\"}]},{\"@type\":\"WebSite\",\"@id\":\"https:\/\/nebuloriabeauty.com\/es\/#website\",\"url\":\"https:\/\/nebuloriabeauty.com\/es\/\",\"name\":\"NebuloriaBeauty.com\",\"description\":\"Mi blog de WordPress\",\"publisher\":{\"@id\":\"https:\/\/nebuloriabeauty.com\/es\/#organization\"},\"potentialAction\":[{\"@type\":\"SearchAction\",\"target\":{\"@type\":\"EntryPoint\",\"urlTemplate\":\"https:\/\/nebuloriabeauty.com\/es\/?s={search_term_string}\"},\"query-input\":{\"@type\":\"PropertyValueSpecification\",\"valueRequired\":true,\"valueName\":\"search_term_string\"}}],\"inLanguage\":\"es\"},{\"@type\":\"Organization\",\"@id\":\"https:\/\/nebuloriabeauty.com\/es\/#organization\",\"name\":\"NebuloriaBeauty.com\",\"url\":\"https:\/\/nebuloriabeauty.com\/es\/\",\"logo\":{\"@type\":\"ImageObject\",\"inLanguage\":\"es\",\"@id\":\"https:\/\/nebuloriabeauty.com\/es\/#\/schema\/logo\/image\/\",\"url\":\"https:\/\/nebuloriabeauty.com\/wp-content\/uploads\/2025\/04\/cropped-Beautyfly.png\",\"contentUrl\":\"https:\/\/nebuloriabeauty.com\/wp-content\/uploads\/2025\/04\/cropped-Beautyfly.png\",\"width\":384,\"height\":153,\"caption\":\"NebuloriaBeauty.com\"},\"image\":{\"@id\":\"https:\/\/nebuloriabeauty.com\/es\/#\/schema\/logo\/image\/\"}},{\"@type\":\"Person\",\"@id\":\"https:\/\/nebuloriabeauty.com\/es\/#\/schema\/person\/de7194ada2186dd65caff7a99a93ec76\",\"name\":\"nebuloriabeauty\",\"image\":{\"@type\":\"ImageObject\",\"inLanguage\":\"es\",\"@id\":\"https:\/\/nebuloriabeauty.com\/es\/#\/schema\/person\/image\/\",\"url\":\"https:\/\/secure.gravatar.com\/avatar\/7652cb0b3988447e7a754ed42422e181343743035b7dbb1fd82ea4a04bed07d0?s=96&d=mm&r=g\",\"contentUrl\":\"https:\/\/secure.gravatar.com\/avatar\/7652cb0b3988447e7a754ed42422e181343743035b7dbb1fd82ea4a04bed07d0?s=96&d=mm&r=g\",\"caption\":\"nebuloriabeauty\"},\"sameAs\":[\"https:\/\/nebuloriabeauty.com\"],\"url\":\"https:\/\/nebuloriabeauty.com\/es\/author\/nebuloriabeauty\/\"}]}<\/script>\n<!-- \/ Yoast SEO plugin. -->","yoast_head_json":{"title":"Ca\u00edda del cabello: comprender, prevenir y tratar - %","robots":{"index":"index","follow":"follow","max-snippet":"max-snippet:-1","max-image-preview":"max-image-preview:large","max-video-preview":"max-video-preview:-1"},"canonical":"https:\/\/nebuloriabeauty.com\/es\/2025\/09\/16\/caida-del-cabello-comprender-prevenir-y-tratar\/","og_locale":"es_ES","og_type":"article","og_title":"Ca\u00edda del cabello: comprender, prevenir y tratar - %","og_description":"Ca\u00edda del cabello: comprender, prevenir y tratar \u00bfNotas m\u00e1s pelos en la almohada o en el cepillo? Es normal perder entre 50 y 100 pelos al d\u00eda, pero m\u00e1s que eso puede ser se\u00f1al de un desequilibrio que es importante comprender. En este art\u00edculo exploramos La ca\u00edda estacional del cabelloEn este art\u00edculo, exploramos la ca\u00edda [&hellip;]","og_url":"https:\/\/nebuloriabeauty.com\/es\/2025\/09\/16\/caida-del-cabello-comprender-prevenir-y-tratar\/","og_site_name":"NebuloriaBeauty.com","article_published_time":"2025-09-16T11:56:38+00:00","article_modified_time":"2026-04-01T12:05:49+00:00","og_image":[{"width":2560,"height":1429,"url":"https:\/\/nebuloriabeauty.com\/wp-content\/uploads\/2025\/09\/Chute-de-cheveux-comprendre-prevenir-et-traiter-scaled.jpg","type":"image\/jpeg"}],"author":"nebuloriabeauty","twitter_card":"summary_large_image","twitter_misc":{"Escrito por":"nebuloriabeauty","Tiempo de lectura":"9 minutos"},"schema":{"@context":"https:\/\/schema.org","@graph":[{"@type":"Article","@id":"https:\/\/nebuloriabeauty.com\/es\/2025\/09\/16\/caida-del-cabello-comprender-prevenir-y-tratar\/#article","isPartOf":{"@id":"https:\/\/nebuloriabeauty.com\/es\/2025\/09\/16\/caida-del-cabello-comprender-prevenir-y-tratar\/"},"author":{"name":"nebuloriabeauty","@id":"https:\/\/nebuloriabeauty.com\/es\/#\/schema\/person\/de7194ada2186dd65caff7a99a93ec76"},"headline":"Ca\u00edda del cabello: comprender, prevenir y tratar","datePublished":"2025-09-16T11:56:38+00:00","dateModified":"2026-04-01T12:05:49+00:00","mainEntityOfPage":{"@id":"https:\/\/nebuloriabeauty.com\/es\/2025\/09\/16\/caida-del-cabello-comprender-prevenir-y-tratar\/"},"wordCount":1816,"commentCount":0,"publisher":{"@id":"https:\/\/nebuloriabeauty.com\/es\/#organization"},"image":{"@id":"https:\/\/nebuloriabeauty.com\/es\/2025\/09\/16\/caida-del-cabello-comprender-prevenir-y-tratar\/#primaryimage"},"thumbnailUrl":"https:\/\/nebuloriabeauty.com\/wp-content\/uploads\/2025\/09\/Chute-de-cheveux-comprendre-prevenir-et-traiter-scaled.jpg","articleSection":["Belleza"],"inLanguage":"es","potentialAction":[{"@type":"CommentAction","name":"Comment","target":["https:\/\/nebuloriabeauty.com\/es\/2025\/09\/16\/caida-del-cabello-comprender-prevenir-y-tratar\/#respond"]}]},{"@type":"WebPage","@id":"https:\/\/nebuloriabeauty.com\/es\/2025\/09\/16\/caida-del-cabello-comprender-prevenir-y-tratar\/","url":"https:\/\/nebuloriabeauty.com\/es\/2025\/09\/16\/caida-del-cabello-comprender-prevenir-y-tratar\/","name":"Ca\u00edda del cabello: comprender, prevenir y tratar - %","isPartOf":{"@id":"https:\/\/nebuloriabeauty.com\/es\/#website"},"primaryImageOfPage":{"@id":"https:\/\/nebuloriabeauty.com\/es\/2025\/09\/16\/caida-del-cabello-comprender-prevenir-y-tratar\/#primaryimage"},"image":{"@id":"https:\/\/nebuloriabeauty.com\/es\/2025\/09\/16\/caida-del-cabello-comprender-prevenir-y-tratar\/#primaryimage"},"thumbnailUrl":"https:\/\/nebuloriabeauty.com\/wp-content\/uploads\/2025\/09\/Chute-de-cheveux-comprendre-prevenir-et-traiter-scaled.jpg","datePublished":"2025-09-16T11:56:38+00:00","dateModified":"2026-04-01T12:05:49+00:00","breadcrumb":{"@id":"https:\/\/nebuloriabeauty.com\/es\/2025\/09\/16\/caida-del-cabello-comprender-prevenir-y-tratar\/#breadcrumb"},"inLanguage":"es","potentialAction":[{"@type":"ReadAction","target":["https:\/\/nebuloriabeauty.com\/es\/2025\/09\/16\/caida-del-cabello-comprender-prevenir-y-tratar\/"]}]},{"@type":"ImageObject","inLanguage":"es","@id":"https:\/\/nebuloriabeauty.com\/es\/2025\/09\/16\/caida-del-cabello-comprender-prevenir-y-tratar\/#primaryimage","url":"https:\/\/nebuloriabeauty.com\/wp-content\/uploads\/2025\/09\/Chute-de-cheveux-comprendre-prevenir-et-traiter-scaled.jpg","contentUrl":"https:\/\/nebuloriabeauty.com\/wp-content\/uploads\/2025\/09\/Chute-de-cheveux-comprendre-prevenir-et-traiter-scaled.jpg","width":2560,"height":1429},{"@type":"BreadcrumbList","@id":"https:\/\/nebuloriabeauty.com\/es\/2025\/09\/16\/caida-del-cabello-comprender-prevenir-y-tratar\/#breadcrumb","itemListElement":[{"@type":"ListItem","position":1,"name":"Inicio","item":"https:\/\/nebuloriabeauty.com\/es\/nebuloriabeauty\/"},{"@type":"ListItem","position":2,"name":"Ca\u00edda del cabello: comprender, prevenir y tratar"}]},{"@type":"WebSite","@id":"https:\/\/nebuloriabeauty.com\/es\/#website","url":"https:\/\/nebuloriabeauty.com\/es\/","name":"NebuloriaBeauty.com","description":"Mi blog de WordPress","publisher":{"@id":"https:\/\/nebuloriabeauty.com\/es\/#organization"},"potentialAction":[{"@type":"SearchAction","target":{"@type":"EntryPoint","urlTemplate":"https:\/\/nebuloriabeauty.com\/es\/?s={search_term_string}"},"query-input":{"@type":"PropertyValueSpecification","valueRequired":true,"valueName":"search_term_string"}}],"inLanguage":"es"},{"@type":"Organization","@id":"https:\/\/nebuloriabeauty.com\/es\/#organization","name":"NebuloriaBeauty.com","url":"https:\/\/nebuloriabeauty.com\/es\/","logo":{"@type":"ImageObject","inLanguage":"es","@id":"https:\/\/nebuloriabeauty.com\/es\/#\/schema\/logo\/image\/","url":"https:\/\/nebuloriabeauty.com\/wp-content\/uploads\/2025\/04\/cropped-Beautyfly.png","contentUrl":"https:\/\/nebuloriabeauty.com\/wp-content\/uploads\/2025\/04\/cropped-Beautyfly.png","width":384,"height":153,"caption":"NebuloriaBeauty.com"},"image":{"@id":"https:\/\/nebuloriabeauty.com\/es\/#\/schema\/logo\/image\/"}},{"@type":"Person","@id":"https:\/\/nebuloriabeauty.com\/es\/#\/schema\/person\/de7194ada2186dd65caff7a99a93ec76","name":"nebuloriabeauty","image":{"@type":"ImageObject","inLanguage":"es","@id":"https:\/\/nebuloriabeauty.com\/es\/#\/schema\/person\/image\/","url":"https:\/\/secure.gravatar.com\/avatar\/7652cb0b3988447e7a754ed42422e181343743035b7dbb1fd82ea4a04bed07d0?s=96&d=mm&r=g","contentUrl":"https:\/\/secure.gravatar.com\/avatar\/7652cb0b3988447e7a754ed42422e181343743035b7dbb1fd82ea4a04bed07d0?s=96&d=mm&r=g","caption":"nebuloriabeauty"},"sameAs":["https:\/\/nebuloriabeauty.com"],"url":"https:\/\/nebuloriabeauty.com\/es\/author\/nebuloriabeauty\/"}]}},"_links":{"self":[{"href":"https:\/\/nebuloriabeauty.com\/es\/wp-json\/wp\/v2\/posts\/625","targetHints":{"allow":["GET"]}}],"collection":[{"href":"https:\/\/nebuloriabeauty.com\/es\/wp-json\/wp\/v2\/posts"}],"about":[{"href":"https:\/\/nebuloriabeauty.com\/es\/wp-json\/wp\/v2\/types\/post"}],"author":[{"embeddable":true,"href":"https:\/\/nebuloriabeauty.com\/es\/wp-json\/wp\/v2\/users\/1"}],"replies":[{"embeddable":true,"href":"https:\/\/nebuloriabeauty.com\/es\/wp-json\/wp\/v2\/comments?post=625"}],"version-history":[{"count":1,"href":"https:\/\/nebuloriabeauty.com\/es\/wp-json\/wp\/v2\/posts\/625\/revisions"}],"predecessor-version":[{"id":630,"href":"https:\/\/nebuloriabeauty.com\/es\/wp-json\/wp\/v2\/posts\/625\/revisions\/630"}],"wp:featuredmedia":[{"embeddable":true,"href":"https:\/\/nebuloriabeauty.com\/es\/wp-json\/wp\/v2\/media\/626"}],"wp:attachment":[{"href":"https:\/\/nebuloriabeauty.com\/es\/wp-json\/wp\/v2\/media?parent=625"}],"wp:term":[{"taxonomy":"category","embeddable":true,"href":"https:\/\/nebuloriabeauty.com\/es\/wp-json\/wp\/v2\/categories?post=625"},{"taxonomy":"post_tag","embeddable":true,"href":"https:\/\/nebuloriabeauty.com\/es\/wp-json\/wp\/v2\/tags?post=625"}],"curies":[{"name":"wp","href":"https:\/\/api.w.org\/{rel}","templated":true}]}}